{"id":3361,"date":"2026-09-02T17:50:24","date_gmt":"2026-09-02T15:50:24","guid":{"rendered":"https:\/\/szentbalazs.ro\/?p=3361"},"modified":"2026-09-02T17:50:25","modified_gmt":"2026-09-02T15:50:25","slug":"a-vi-a-simpozion-diabetologic-din-transilvania-medit","status":"publish","type":"post","link":"https:\/\/szentbalazs.ro\/ro\/uncategorized-ro\/a-vi-a-simpozion-diabetologic-din-transilvania-medit\/","title":{"rendered":"A VI-a Simpozion Diabetologic din Transilvania (MEDiT)"},"content":{"rendered":"<p>\u00cen perioada 19\u201321 iunie 2026, S\u00e2nv\u0103sii a g\u0103zduit cea de-a VI-a edi\u021bie a Simpozionului Diabetologic din Transilvania (MEDiT), un eveniment \u0219tiin\u021bific dedicat celor mai actuale teme din diabetologie \u0219i din specialit\u0103\u021bile conexe. Simpozionul a oferit un cadru pentru schimbul de cuno\u0219tin\u021be \u0219i experien\u021be profesionale.<\/p><p>Evenimentul a reunit diabetologi, endocrinologi, neurologi, psihologi clinicieni, dieteticieni \u0219i al\u021bi profesioni\u0219ti implica\u021bi \u00een \u00eengrijirea persoanelor cu diabet zaharat din Rom\u00e2nia \u0219i Ungaria.<\/p><p>Programul \u0219tiin\u021bific a fost structurat \u00een \u0219ase module tematice \u0219i a abordat subiecte precum implica\u021biile neurologice \u0219i oncologice ale diabetului, monitorizarea continu\u0103 a glicemiei (CGM), terapiile moderne \u00een diabetologie, distresul asociat diabetului \u0219i aspectele endocrinologice ale bolii. Prelegerile au fost completate de sesiuni interactive \u0219i workshopuri practice, axate pe aplicarea cuno\u0219tin\u021belor \u00een practica medical\u0103 de zi cu zi.<\/p><p>O aten\u021bie deosebit\u0103 a fost acordat\u0103 utiliz\u0103rii tehnologiilor \u0219i terapiilor moderne, precum \u0219i sprijinului psihologic acordat persoanelor care tr\u0103iesc cu diabet. Participan\u021bii au avut ocazia s\u0103 analizeze cazuri clinice \u0219i s\u0103 discute op\u021biuni terapeutice, iar \u00een cadrul workshopurilor au explorat tehnicile interviului motiva\u021bional.<\/p><p>Cea de-a VI-a edi\u021bie a MEDiT a reunit aproximativ <strong>50\u201360 de profesioni\u0219ti<\/strong> \u0219i a fost acreditat\u0103 de <strong>Colegiul Medicilor din Rom\u00e2nia cu 10 credite EMC<\/strong>.<\/p><p>Evenimentul a contribuit la consolidarea dialogului profesional, la dezvoltarea colabor\u0103rii multidisciplinare \u0219i la actualizarea cuno\u0219tin\u021belor \u00een domeniul diabetologiei.<\/p><p>Mul\u021bumim lectorilor, participan\u021bilor, partenerilor \u0219i sponsorilor pentru contribu\u021bia lor la succesul acestei edi\u021bii!<\/p>","protected":false},"excerpt":{"rendered":"<p>\u00cen perioada 19\u201321 iunie 2026, S\u00e2nv\u0103sii a g\u0103zduit cea de-a VI-a edi\u021bie a Simpozionului Diabetologic din Transilvania (MEDiT), un eveniment \u0219tiin\u021bific dedicat celor mai actuale teme din diabetologie \u0219i din specialit\u0103\u021bile conexe. Simpozionul a oferit un cadru pentru schimbul de cuno\u0219tin\u021be \u0219i experien\u021be profesionale.<\/p>\n","protected":false},"author":1,"featured_media":3354,"comment_status":"closed","ping_status":"open","sticky":false,"template":"","format":"standard","meta":{"footnotes":""},"categories":[35,13],"tags":[],"class_list":["post-3361","post","type-post","status-publish","format-standard","has-post-thumbnail","hentry","category-stiri","category-uncategorized-ro","category-35","category-13","description-off"],"_links":{"self":[{"href":"https:\/\/szentbalazs.ro\/ro\/wp-json\/wp\/v2\/posts\/3361","targetHints":{"allow":["GET"]}}],"collection":[{"href":"https:\/\/szentbalazs.ro\/ro\/wp-json\/wp\/v2\/posts"}],"about":[{"href":"https:\/\/szentbalazs.ro\/ro\/wp-json\/wp\/v2\/types\/post"}],"author":[{"embeddable":true,"href":"https:\/\/szentbalazs.ro\/ro\/wp-json\/wp\/v2\/users\/1"}],"replies":[{"embeddable":true,"href":"https:\/\/szentbalazs.ro\/ro\/wp-json\/wp\/v2\/comments?post=3361"}],"version-history":[{"count":1,"href":"https:\/\/szentbalazs.ro\/ro\/wp-json\/wp\/v2\/posts\/3361\/revisions"}],"predecessor-version":[{"id":3362,"href":"https:\/\/szentbalazs.ro\/ro\/wp-json\/wp\/v2\/posts\/3361\/revisions\/3362"}],"wp:featuredmedia":[{"embeddable":true,"href":"https:\/\/szentbalazs.ro\/ro\/wp-json\/wp\/v2\/media\/3354"}],"wp:attachment":[{"href":"https:\/\/szentbalazs.ro\/ro\/wp-json\/wp\/v2\/media?parent=3361"}],"wp:term":[{"taxonomy":"category","embeddable":true,"href":"https:\/\/szentbalazs.ro\/ro\/wp-json\/wp\/v2\/categories?post=3361"},{"taxonomy":"post_tag","embeddable":true,"href":"https:\/\/szentbalazs.ro\/ro\/wp-json\/wp\/v2\/tags?post=3361"}],"curies":[{"name":"wp","href":"https:\/\/api.w.org\/{rel}","templated":true}]}}